{"id":2475,"date":"2024-06-24T13:13:04","date_gmt":"2024-06-24T11:13:04","guid":{"rendered":"https:\/\/nogotv.fr\/?p=2475"},"modified":"2024-07-24T14:45:45","modified_gmt":"2024-07-24T12:45:45","slug":"debat-citoyen-le-quartier-charles-hermite","status":"publish","type":"post","link":"https:\/\/nogotv.fr\/index.php\/2024\/06\/24\/debat-citoyen-le-quartier-charles-hermite\/","title":{"rendered":"D\u00e9bat citoyen : Le quartier Charles hermite"},"content":{"rendered":"<p>Le quartier Charles hermite : entre Jeux Olympiques et renouvellement urbain quelle implication pour ses habitant.es ? Tel \u00e9tait le th\u00e8me de l&rsquo;\u00e9mission anim\u00e9 par Nogo TV et Radio RAPTZ dans le cadre de la f\u00eate du quartier Charles Hermite qui s&rsquo;est tenu le samedi 22 juin.<\/p>\n<p>Les invit\u00e9s :<\/p>\n<ul>\n<li style=\"font-weight: 400;\" aria-level=\"1\"><span style=\"font-weight: 400;\">Monsieur <\/span><b>Mario GONZALEZ<\/b><span style=\"font-weight: 400;\">, Adjoint au maire du 18<\/span><span style=\"font-weight: 400;\">\u00e8me<\/span><span style=\"font-weight: 400;\"> charg\u00e9 de l\u2019urbanisme et du logement<\/span><\/li>\n<li style=\"font-weight: 400;\" aria-level=\"1\"><span style=\"font-weight: 400;\">Madame <\/span><b>Laure HANNECART<\/b><span style=\"font-weight: 400;\">, co-fondatrice de Be Cosmo<\/span><\/li>\n<li style=\"font-weight: 400;\" aria-level=\"1\"><span style=\"font-weight: 400;\">Monsieur <\/span><b>Antoine MENDY<\/b><span style=\"font-weight: 400;\">, directeur de l\u2019Espace Paris Jeunes\u00a0 la Villa<\/span><\/li>\n<li style=\"font-weight: 400;\" aria-level=\"1\"><span style=\"font-weight: 400;\">Monsieur <\/span><b>Mathieu PELTRE<\/b><span style=\"font-weight: 400;\">, responsable d\u2019op\u00e9rations \u00e0 Paris &amp; M\u00e9tropole Am\u00e9nagement, en charge de l\u2019op\u00e9ration Gare des Mines\/Fillettes<\/span><\/li>\n<li aria-level=\"1\">Madame <strong>Hayet RACHIDI<\/strong>, habitante de la R\u00e9sidence Charles Hermite<\/li>\n<\/ul>\n<p>Une \u00e9mission \u00e0 retrouver sur\u00a0 <a href=\"http:\/\/nogotv.fr\/#webtv\">Nogo TV<\/a><\/p>\n","protected":false},"excerpt":{"rendered":"<p>Le quartier Charles hermite : entre Jeux Olympiques et renouvellement urbain quelle implication pour ses habitant.es ? Tel \u00e9tait le th\u00e8me de l&rsquo;\u00e9mission anim\u00e9 par Nogo TV et Radio RAPTZ dans le cadre de la f\u00eate du quartier Charles Hermite qui s&rsquo;est tenu le samedi 22 juin. Les invit\u00e9s : Monsieur Mario GONZALEZ, Adjoint au maire du 18\u00e8me charg\u00e9 de l\u2019urbanisme et du logement Madame Laure HANNECART, co-fondatrice de Be [&hellip;]<\/p>\n","protected":false},"author":1,"featured_media":2477,"comment_status":"closed","ping_status":"closed","sticky":false,"template":"","format":"video","meta":{"footnotes":""},"categories":[205,204],"tags":[],"class_list":["post-2475","post","type-post","status-publish","format-video","has-post-thumbnail","hentry","category-association","category-nogo-tv","post_format-post-format-video"],"_links":{"self":[{"href":"https:\/\/nogotv.fr\/index.php\/wp-json\/wp\/v2\/posts\/2475","targetHints":{"allow":["GET"]}}],"collection":[{"href":"https:\/\/nogotv.fr\/index.php\/wp-json\/wp\/v2\/posts"}],"about":[{"href":"https:\/\/nogotv.fr\/index.php\/wp-json\/wp\/v2\/types\/post"}],"author":[{"embeddable":true,"href":"https:\/\/nogotv.fr\/index.php\/wp-json\/wp\/v2\/users\/1"}],"replies":[{"embeddable":true,"href":"https:\/\/nogotv.fr\/index.php\/wp-json\/wp\/v2\/comments?post=2475"}],"version-history":[{"count":3,"href":"https:\/\/nogotv.fr\/index.php\/wp-json\/wp\/v2\/posts\/2475\/revisions"}],"predecessor-version":[{"id":2499,"href":"https:\/\/nogotv.fr\/index.php\/wp-json\/wp\/v2\/posts\/2475\/revisions\/2499"}],"wp:featuredmedia":[{"embeddable":true,"href":"https:\/\/nogotv.fr\/index.php\/wp-json\/wp\/v2\/media\/2477"}],"wp:attachment":[{"href":"https:\/\/nogotv.fr\/index.php\/wp-json\/wp\/v2\/media?parent=2475"}],"wp:term":[{"taxonomy":"category","embeddable":true,"href":"https:\/\/nogotv.fr\/index.php\/wp-json\/wp\/v2\/categories?post=2475"},{"taxonomy":"post_tag","embeddable":true,"href":"https:\/\/nogotv.fr\/index.php\/wp-json\/wp\/v2\/tags?post=2475"}],"curies":[{"name":"wp","href":"https:\/\/api.w.org\/{rel}","templated":true}]}}